{"id":496,"date":"2023-09-22T16:55:44","date_gmt":"2023-09-22T14:55:44","guid":{"rendered":"https:\/\/silenta.pl\/blog\/?p=496"},"modified":"2025-05-07T09:54:31","modified_gmt":"2025-05-07T09:54:31","slug":"krajowy-system-e-faktur-w-branzy-pogrzebowej","status":"publish","type":"post","link":"https:\/\/silenta.pl\/blog\/krajowy-system-e-faktur-w-branzy-pogrzebowej\/","title":{"rendered":"Krajowy System e-Faktur w bran\u017cy pogrzebowej: Gotowi na nowy etap?"},"content":{"rendered":"\n<p>Nie ulega w\u0105tpliwo\u015bci, \u017ce bran\u017ca pogrzebowa przez d\u0142ugi czas zwi\u0105zana by\u0142a z tradycyjnymi rozwi\u0105zaniami. Jednak zmieniaj\u0105ce si\u0119 czasy i wszechobecna cyfryzacja, przynosz\u0105 ze sob\u0105 nowe wyzwania, a jednym z nich jest Krajowy System e-Faktur, czyli KSeF.&nbsp; Wprowadza on nowe mo\u017cliwo\u015bci ale i obowi\u0105zki dla przedsi\u0119biorc\u00f3w, kt\u00f3re mog\u0105 by\u0107 zar\u00f3wno szans\u0105, jak i wyzwaniem. To, co przez lata bazowa\u0142o na dokumentacji papierowej i tradycyjnych procesach, teraz musi dostosowa\u0107 si\u0119 do przepis\u00f3w i technologii elektronicznych faktur. Bran\u017ca pogrzebowa, mimo \u017ce niszowa, nie mo\u017ce pozosta\u0107 oboj\u0119tna na te zmiany.<\/p>\n\n\n\n<p>Warto zastanowi\u0107 si\u0119, jakie korzy\u015bci i wyzwania niesie KSeF dla zak\u0142ad\u00f3w pogrzebowych. Jakie nowe mo\u017cliwo\u015bci stwarza? Jakie procedury trzeba wdro\u017cy\u0107, aby zachowa\u0107 skuteczno\u015b\u0107 dzia\u0142ania i zgodno\u015b\u0107 z przepisami? Jakie narz\u0119dzia mog\u0105 wesprze\u0107 firmy pogrzebowe w tym procesie?&nbsp;<\/p>\n\n\n\n<p>To pytania, na kt\u00f3re odpowiedzi znajdziecie w dalszej cz\u0119\u015bci naszego artyku\u0142u.<\/p>\n\n\n\n<p class=\"has-medium-font-size\"><br><b><strong>Co to jest KSeF?<\/strong><\/b><\/p>\n\n\n\n<p><a href=\"https:\/\/www.podatki.gov.pl\/ksef\/\">Krajowy System e-Faktur<\/a> (KSeF) to opracowana przez Ministerstwo Finans\u00f3w platforma przeznaczona do wystawiania, wysy\u0142ania i odbierania faktur drog\u0105 elektroniczn\u0105. Inicjatywa Ministerstwa ma na celu scentralizowanie procesu rejestracji faktur w obrocie gospodarczym poprzez kierowanie ich do jednego centralnego miejsca.&nbsp;<\/p>\n\n\n\n<p class=\"has-medium-font-size\"><b><strong>Jak to dzia\u0142a?<\/strong><\/b><\/p>\n\n\n\n<p>Obecnie przedsi\u0119biorca wystawia faktur\u0119 i przekazuj\u0105 j\u0105 kontrahentowi w um\u00f3wionej formie np. orygina\u0142 w wersji papierowej, wysy\u0142a mailem lub poczt\u0105. Kopie takich faktur nale\u017cy wydrukowa\u0107, archiwizowa\u0107 i przechowywa\u0107 przez wymagany okres czasu. <strong>KSeF spowoduje, \u017ce schemat ten zostanie zmieniony.<\/strong><br>Przedsi\u0119biorca wystawi ustrukturyzowan\u0105 e-faktur\u0119 za po\u015brednictwem KSeF,&nbsp; a jego kontrahent pobierze faktur\u0119 za pomoc\u0105 tego samego systemu. Nale\u017cy przy tym pami\u0119ta\u0107, \u017ce wraz z rozpocz\u0119ciem korzystania z systemu, Urz\u0105d Skarbowy b\u0119dzie mia\u0142 dost\u0119p do wszystkich naszych faktur bezpo\u015brednio po ich wystawieniu.<\/p>\n\n\n\n<p class=\"has-medium-font-size\"><b><strong>Czym si\u0119 r\u00f3\u017cni e-Faktura od \u201cobecnych\u201d faktur papierowych i elektronicznych?<\/strong><\/b><\/p>\n\n\n\n<p>Wszystkie e-faktury b\u0119d\u0105 ustrukturyzowane i zbudowane wed\u0142ug jednego schematu, zapisane w jednolitym formacie xml i zawiera\u0142y b\u0119d\u0105 dane pod postaci\u0105 cyfrow\u0105. Takie faktury zawsze b\u0119d\u0105 wystawiane i wys\u0142ane przy u\u017cyciu KSeF, kt\u00f3ry zweryfikuje, czy dokument jest zgodny ze standardem i je\u015bli tak, nada mu unikalny numer.&nbsp;<\/p>\n\n\n\n<p>Prosze pami\u0119ta\u0107, \u017ce e-faktura (KSeF) to nie to samo co faktura elektroniczna, cz\u0119sto wysy\u0142ana w formacie PDF.<\/p>\n\n\n\n<p class=\"has-medium-font-size\"><b><br><strong>Od kiedy KSeF b\u0119dzie obowi\u0105zywa\u0107?<\/strong><\/b><\/p>\n\n\n\n<p>Obecnie KSeF ju\u017c dzia\u0142a jako jedna z dopuszczonych, ale nie obowi\u0105zkowych form dokumentowania sprzeda\u017cy, obok faktur papierowych i elektronicznych. Zgodnie z przyj\u0119t\u0105 ustaw\u0105 z dnia 16 czerwca 2023 r. korzystanie z KSeF b\u0119dzie wymagalne od:<\/p>\n\n\n\n<p><b><strong>1 lipca 2024 roku<\/strong><\/b> \u2013 dla czynnych podatnik\u00f3w VAT,<\/p>\n\n\n\n<p><b><strong>1 stycznia 2025 roku<\/strong><\/b> \u2013 dla ma\u0142ych i \u015brednich przedsi\u0119biorc\u00f3w zwolnionych z VAT.<\/p>\n\n\n\n<p class=\"has-medium-font-size\"><b><br><strong>Czy Zak\u0142ady Pogrzebowe b\u0119d\u0105 obj\u0119te KSeF?<\/strong><\/b><\/p>\n\n\n\n<p><b><strong>Tak<\/strong><\/b>, KSeF dotyczy tak\u017ce zak\u0142ad\u00f3w pogrzebowych. To krok w kierunku cyfryzacji i usprawnienia proces\u00f3w fakturowania, kt\u00f3ry obejmie wszystkie podmioty gospodarcze.<\/p>\n\n\n\n<p class=\"has-medium-font-size\"><b><br><strong>Czy faktury wystawiane do pogrzebu b\u0119d\u0105 obj\u0119te KSeF?<\/strong><\/b><\/p>\n\n\n\n<p><\/p>\n\n\n\n<p><b><strong>Nie<\/strong><\/b>, je\u015bli faktura wystawiona b\u0119dzie na osob\u0119 fizyczn\u0105 (B2C) i nie uzupe\u0142niono numeru NIP. <br>W tym przypadku faktury konsumenckie nie b\u0119d\u0105 obj\u0119te KSeF.<\/p>\n\n\n\n<p><b><strong>Tak,<\/strong> <\/b>je\u015bli faktura wystawiona b\u0119dzie na firm\u0119 (B2B). Taka sytuacja mo\u017ce mie\u0107 miejsce je\u015bli np. Dom Pomocy Spo\u0142ecznej lub Miejski O\u015brodek Pomocy Spo\u0142ecznej zleca organizacj\u0119 poch\u00f3wku. Taka sprzeda\u017c b\u0119dzie obj\u0119ta KSeF.<\/p>\n\n\n\n<p class=\"has-medium-font-size\"><b><br><strong>Czy faktury na pozosta\u0142e us\u0142ugi nie zwi\u0105zane z pogrzebem b\u0119d\u0105 obj\u0119te KSeF?<\/strong><\/b><\/p>\n\n\n\n<p><b><strong>Tak<\/strong><\/b>&#8211; je\u015bli nabywc\u0105 b\u0119dzie firma (B2B)<br><br><b><strong>Nie<\/strong><\/b>&#8211; je\u015bli nabywc\u0105 b\u0119dzie osoba fizyczna i nie podano numeru NIP (B2C)<\/p>\n\n\n\n<p class=\"has-medium-font-size\"><b><br><strong>Jak zmieni si\u0119 spos\u00f3b wystawiania faktur?<\/strong><\/b><\/p>\n\n\n\n<ul class=\"wp-block-list\">\n<li><b><strong>Koniec z fakturami wypisywanymi r\u0119cznie\u00a0<\/strong><\/b><br>Transakcje obj\u0119te ewidencj\u0105 krajowego systemu b\u0119dzie mo\u017cna realizowa\u0107\u00a0 tylko przy u\u017cyciu oprogramowania zintegrowanego z KSeF.<br><\/li>\n<\/ul>\n\n\n\n<p><\/p>\n\n\n\n<ul class=\"wp-block-list\">\n<li><b><strong>Obowi\u0105zkowa wysy\u0142ka faktury do Krajowego Systemu e-Faktur<\/strong><\/b><br>Po wystawieniu faktury b\u0119dziemy zobligowani jeszcze w tym samym dniu wys\u0142a\u0107 dokumenty sprzeda\u017cowe do systemu KSeF.<br><\/li>\n<\/ul>\n\n\n\n<p><\/p>\n\n\n\n<p class=\"has-medium-font-size\"><b><strong>Jak si\u0119 przygotowa\u0107?<\/strong><\/b><\/p>\n\n\n\n<p>Przygotowania do wdro\u017cenia i korzystania z KSeF to kilka kluczowych krok\u00f3w:<\/p>\n\n\n\n<ol class=\"wp-block-list\">\n<li><strong>Wybierz dostawc\u0119 oprogramowania<\/strong> lub <a href=\"https:\/\/silenta.pl\/#footer-anchor\">skontaktuj si\u0119 z nami<\/a><br><\/li>\n\n\n\n<li>Za\u0142\u00f3\u017c <a href=\"https:\/\/www.gov.pl\/web\/profilzaufany\">profil zaufany<\/a> lub certyfikat kwalifikowany<br><\/li>\n\n\n\n<li>Uwierzytelnij si\u0119 w systemie KSeF<br><\/li>\n\n\n\n<li>Nadaj uprawnienia innym osobom do wystawiania faktur oraz dost\u0119p np. dla biura rachunkowego albo bezpo\u015brednio wskazanym jego pracownikom.<br><\/li>\n\n\n\n<li>Zorganizuj szkolenie dla pracownik\u00f3w<\/li>\n<\/ol>\n\n\n\n<p class=\"has-medium-font-size\"><br><b><strong>Korzy\u015bci jakie daje KSeF?<\/strong><\/b><\/p>\n\n\n\n<ul class=\"wp-block-list\">\n<li><b><strong>Koniec z archiwizacj\u0105 i przechowywaniem dokument\u00f3w w wersji papierowej<br><\/strong><\/b>wszystkie b\u0119d\u0105 w Centralnym Repozytorium i w dowolnym momencie b\u0119dzie mo\u017cna po nie si\u0119gn\u0105\u0107.<\/li>\n\n\n\n<li><b><strong>Oszcz\u0119dno\u015b\u0107 czasu i zminimalizowanie ryzyka zgubienia faktur kosztowych<br><\/strong><\/b>ju\u017c nie b\u0119dzie potrzeby gromadzenia dokument\u00f3w i przekazywania ich do ksi\u0119gowo\u015bci<\/li>\n\n\n\n<li><b><strong>Brak obowi\u0105zku sporz\u0105dzania JPK_FA na \u017c\u0105danie organ\u00f3w<\/strong><\/b><\/li>\n\n\n\n<li><b>Natychmiastowa wymiana danych mi\u0119dzy firmami<br><\/b>wystawione faktury b\u0119d\u0105 niemal natychmiast dost\u0119pne dla drugiej firmy<b style=\"font-size: var( --e-global-typography-text-font-size ); color: var( --e-global-color-text ); font-family: var( --e-global-typography-text-font-family ), Sans-serif; font-style: var( --e-global-typography-text-font-style ); letter-spacing: var( --e-global-typography-text-letter-spacing ); text-transform: var( --e-global-typography-text-text-transform ); background-color: var( --e-global-color-c696dce );\">&nbsp;<\/b><\/li>\n\n\n\n<li><b><strong>Brak duplikat\u00f3w<br><\/strong><\/b>ze wzgl\u0119du na sta\u0142y dost\u0119p do faktury pierwotnej<\/li>\n\n\n\n<li><b><strong>Szybsze rozliczanie przedsi\u0119biorc\u00f3w, w tym zwrot VAT<br><\/strong><\/b>czas oczekiwania na zwrot VAT skr\u00f3ci si\u0119 z 60 do 40 dni.<\/li>\n\n\n\n<li><b><strong>Oszcz\u0119dno\u015b\u0107 i ekologia<br><\/strong><\/b>transakcje B2B nie b\u0119d\u0105 wymaga\u0142y drukowania faktur, a firmy nie b\u0119d\u0105 musia\u0142y zapewnia\u0107 przestrzeni do ich przechowywania, co pozwoli na pewne oszcz\u0119dno\u015bci.<\/li>\n<\/ul>\n\n\n\n<p class=\"has-medium-font-size\"><b><br><strong>Potencjalne ryzyka i obawy przedsi\u0119biorc\u00f3w wynikaj\u0105ce z wprowadzenia KSeF?<\/strong><\/b><\/p>\n\n\n\n<ul class=\"wp-block-list\">\n<li>Zmiana proces\u00f3w sprzeda\u017cowych w firmie<\/li>\n\n\n\n<li>Nowe obci\u0105\u017cenie dla przedsi\u0119biorc\u00f3w<\/li>\n\n\n\n<li>Mo\u017cliwo\u015b\u0107 natychmiastowej weryfikacji transakcji pomi\u0119dzy podmiotami<\/li>\n\n\n\n<li>Ryzyko b\u0142\u0119d\u00f3w formalnych i kary za nie prawid\u0142ow\u0105 ewidencj\u0119<\/li>\n\n\n\n<li>Awarie lub problemy techniczne w systemie centralnym<\/li>\n<\/ul>\n\n\n\n<p class=\"has-medium-font-size\"><br><b><strong>Jak SILENTA mo\u017ce Ci pom\u00f3c?<\/strong><\/b><\/p>\n\n\n\n<p>SILENTA dostarcza nowoczesne oprogramowanie, kt\u00f3re wspiera zar\u00f3wno proces sprzeda\u017cy, jak i zarz\u0105dzanie firm\u0105 pogrzebowa. Jeste\u015bmy gotowi, aby Ci\u0119 wesprze\u0107 w procesie wdro\u017cenia e-faktur. Nasze rozwi\u0105zania s\u0105 elastyczne i dostosowane do r\u00f3\u017cnych wielko\u015bci zak\u0142adu pogrzebowego. Niezale\u017cnie od wyzwa\u0144, kt\u00f3re niesie ze sob\u0105 Krajowy System e-Faktur, wychodz\u0105c naprzeciw bran\u017cy, pomagamy dostosowa\u0107 si\u0119 do nowej rzeczywisto\u015bci. <strong>Nasza misja to<\/strong> <b><strong>dostarczanie nowych technologii dla bran\u017cy pogrzebowej<\/strong><\/b>, dlatego u\u0142atwimy przej\u015bcie procesu wdro\u017cenia KSeF ka\u017cdej firmie, kt\u00f3ra zdecyduje si\u0119 na wsp\u00f3\u0142prac\u0119 z nami, w spos\u00f3b jak najbardziej efektywny.<\/p>\n\n\n\n<p class=\"has-medium-font-size\"><b><strong>Podsumowanie<\/strong><\/b><\/p>\n\n\n\n<p>Czas p\u0119dzi nieub\u0142aganie, i warto by\u0107 przygotowanym na zmiany, kt\u00f3re niesie ze sob\u0105 KSeF.&nbsp;Bior\u0105c pod uwag\u0119 skal\u0119 wyzwa\u0144, por\u00f3wnywalnych przyk\u0142adowo z wdro\u017ceniami struktur JPK w poprzednich latach, zalecamy nie odk\u0142ada\u0107 decyzji \u201cna p\u00f3\u017aniej\u201d.&nbsp;Pozwoli to unikn\u0105\u0107 zb\u0119dnego stresu zwi\u0105zanego z nowymi regulacjami i umo\u017cliwi skoncentrowanie si\u0119 na rozwoju firmy oraz efektywnym prowadzeniu dzia\u0142alno\u015bci pogrzebowej. Wdra\u017caj\u0105c nowoczesne rozwi\u0105zania, takie jak oprogramowanie dla zak\u0142ad\u00f3w pogrzebowych SILENTA, mo\u017cesz mie\u0107 absolutn\u0105 pewno\u015b\u0107, \u017ce b\u0119dziesz przygotowany na przysz\u0142o\u015b\u0107.<\/p>\n","protected":false},"excerpt":{"rendered":"<p>Zapoznaj si\u0119 ze zmianami, kt\u00f3re nadchodz\u0105 dla przedsi\u0119biorc\u00f3w wraz z obowi\u0105zkowym od 2024 roku Krajowym Systemem e-Faktur.<\/p>\n","protected":false},"author":1,"featured_media":619,"comment_status":"closed","ping_status":"open","sticky":false,"template":"","format":"standard","meta":{"footnotes":""},"categories":[3],"tags":[],"class_list":["post-496","post","type-post","status-publish","format-standard","has-post-thumbnail","hentry","category-wiedza","generate-columns","tablet-grid-50","mobile-grid-100","grid-parent","grid-50"],"yoast_head":"<!-- This site is optimized with the Yoast SEO plugin v24.8.1 - https:\/\/yoast.com\/wordpress\/plugins\/seo\/ -->\n<title>Krajowy System e-Faktur w bran\u017cy pogrzebowej: Gotowi na nowy etap? - Silenta - wszystko dla bran\u017cy pogrzebowej<\/title>\n<meta name=\"robots\" content=\"index, follow, max-snippet:-1, max-image-preview:large, max-video-preview:-1\" \/>\n<link rel=\"canonical\" href=\"https:\/\/silenta.pl\/blog\/krajowy-system-e-faktur-w-branzy-pogrzebowej\/\" \/>\n<meta property=\"og:locale\" content=\"pl_PL\" \/>\n<meta property=\"og:type\" content=\"article\" \/>\n<meta property=\"og:title\" content=\"Krajowy System e-Faktur w bran\u017cy pogrzebowej: Gotowi na nowy etap? - Silenta - wszystko dla bran\u017cy pogrzebowej\" \/>\n<meta property=\"og:description\" content=\"Zapoznaj si\u0119 ze zmianami, kt\u00f3re nadchodz\u0105 dla przedsi\u0119biorc\u00f3w wraz z obowi\u0105zkowym od 2024 roku Krajowym Systemem e-Faktur.\" \/>\n<meta property=\"og:url\" content=\"https:\/\/silenta.pl\/blog\/krajowy-system-e-faktur-w-branzy-pogrzebowej\/\" \/>\n<meta property=\"og:site_name\" content=\"Silenta - wszystko dla bran\u017cy pogrzebowej\" \/>\n<meta property=\"article:publisher\" content=\"https:\/\/www.facebook.com\/SilentaApp\" \/>\n<meta property=\"article:published_time\" content=\"2023-09-22T14:55:44+00:00\" \/>\n<meta property=\"article:modified_time\" content=\"2025-05-07T09:54:31+00:00\" \/>\n<meta property=\"og:image\" content=\"https:\/\/silenta.pl\/blog\/wp-content\/uploads\/2023\/09\/KSeF-2-1.webp\" \/>\n\t<meta property=\"og:image:width\" content=\"750\" \/>\n\t<meta property=\"og:image:height\" content=\"499\" \/>\n\t<meta property=\"og:image:type\" content=\"image\/webp\" \/>\n<meta name=\"author\" content=\"admin\" \/>\n<meta name=\"twitter:card\" content=\"summary_large_image\" \/>\n<meta name=\"twitter:label1\" content=\"Napisane przez\" \/>\n\t<meta name=\"twitter:data1\" content=\"admin\" \/>\n\t<meta name=\"twitter:label2\" content=\"Szacowany czas czytania\" \/>\n\t<meta name=\"twitter:data2\" content=\"6 minut\" \/>\n<script type=\"application\/ld+json\" class=\"yoast-schema-graph\">{\"@context\":\"https:\/\/schema.org\",\"@graph\":[{\"@type\":\"Article\",\"@id\":\"https:\/\/silenta.pl\/blog\/krajowy-system-e-faktur-w-branzy-pogrzebowej\/#article\",\"isPartOf\":{\"@id\":\"https:\/\/silenta.pl\/blog\/krajowy-system-e-faktur-w-branzy-pogrzebowej\/\"},\"author\":{\"name\":\"admin\",\"@id\":\"https:\/\/silenta.pl\/blog\/#\/schema\/person\/ab712febd888c2d8ec846b10e4c0ca6b\"},\"headline\":\"Krajowy System e-Faktur w bran\u017cy pogrzebowej: Gotowi na nowy etap?\",\"datePublished\":\"2023-09-22T14:55:44+00:00\",\"dateModified\":\"2025-05-07T09:54:31+00:00\",\"mainEntityOfPage\":{\"@id\":\"https:\/\/silenta.pl\/blog\/krajowy-system-e-faktur-w-branzy-pogrzebowej\/\"},\"wordCount\":1168,\"publisher\":{\"@id\":\"https:\/\/silenta.pl\/blog\/#organization\"},\"image\":{\"@id\":\"https:\/\/silenta.pl\/blog\/krajowy-system-e-faktur-w-branzy-pogrzebowej\/#primaryimage\"},\"thumbnailUrl\":\"https:\/\/silenta.pl\/blog\/wp-content\/uploads\/2023\/09\/KSeF-2-1.webp\",\"articleSection\":[\"wiedza\"],\"inLanguage\":\"pl-PL\"},{\"@type\":\"WebPage\",\"@id\":\"https:\/\/silenta.pl\/blog\/krajowy-system-e-faktur-w-branzy-pogrzebowej\/\",\"url\":\"https:\/\/silenta.pl\/blog\/krajowy-system-e-faktur-w-branzy-pogrzebowej\/\",\"name\":\"Krajowy System e-Faktur w bran\u017cy pogrzebowej: Gotowi na nowy etap? - Silenta - wszystko dla bran\u017cy pogrzebowej\",\"isPartOf\":{\"@id\":\"https:\/\/silenta.pl\/blog\/#website\"},\"primaryImageOfPage\":{\"@id\":\"https:\/\/silenta.pl\/blog\/krajowy-system-e-faktur-w-branzy-pogrzebowej\/#primaryimage\"},\"image\":{\"@id\":\"https:\/\/silenta.pl\/blog\/krajowy-system-e-faktur-w-branzy-pogrzebowej\/#primaryimage\"},\"thumbnailUrl\":\"https:\/\/silenta.pl\/blog\/wp-content\/uploads\/2023\/09\/KSeF-2-1.webp\",\"datePublished\":\"2023-09-22T14:55:44+00:00\",\"dateModified\":\"2025-05-07T09:54:31+00:00\",\"breadcrumb\":{\"@id\":\"https:\/\/silenta.pl\/blog\/krajowy-system-e-faktur-w-branzy-pogrzebowej\/#breadcrumb\"},\"inLanguage\":\"pl-PL\",\"potentialAction\":[{\"@type\":\"ReadAction\",\"target\":[\"https:\/\/silenta.pl\/blog\/krajowy-system-e-faktur-w-branzy-pogrzebowej\/\"]}]},{\"@type\":\"ImageObject\",\"inLanguage\":\"pl-PL\",\"@id\":\"https:\/\/silenta.pl\/blog\/krajowy-system-e-faktur-w-branzy-pogrzebowej\/#primaryimage\",\"url\":\"https:\/\/silenta.pl\/blog\/wp-content\/uploads\/2023\/09\/KSeF-2-1.webp\",\"contentUrl\":\"https:\/\/silenta.pl\/blog\/wp-content\/uploads\/2023\/09\/KSeF-2-1.webp\",\"width\":750,\"height\":499},{\"@type\":\"BreadcrumbList\",\"@id\":\"https:\/\/silenta.pl\/blog\/krajowy-system-e-faktur-w-branzy-pogrzebowej\/#breadcrumb\",\"itemListElement\":[{\"@type\":\"ListItem\",\"position\":1,\"name\":\"Strona g\u0142\u00f3wna\",\"item\":\"https:\/\/silenta.pl\/blog\/\"},{\"@type\":\"ListItem\",\"position\":2,\"name\":\"Krajowy System e-Faktur w bran\u017cy pogrzebowej: Gotowi na nowy etap?\"}]},{\"@type\":\"WebSite\",\"@id\":\"https:\/\/silenta.pl\/blog\/#website\",\"url\":\"https:\/\/silenta.pl\/blog\/\",\"name\":\"Silenta\",\"description\":\"Wspieramy ludzi z bran\u017cy funeralnej w prowadzeniu biznesu\",\"publisher\":{\"@id\":\"https:\/\/silenta.pl\/blog\/#organization\"},\"potentialAction\":[{\"@type\":\"SearchAction\",\"target\":{\"@type\":\"EntryPoint\",\"urlTemplate\":\"https:\/\/silenta.pl\/blog\/?s={search_term_string}\"},\"query-input\":{\"@type\":\"PropertyValueSpecification\",\"valueRequired\":true,\"valueName\":\"search_term_string\"}}],\"inLanguage\":\"pl-PL\"},{\"@type\":\"Organization\",\"@id\":\"https:\/\/silenta.pl\/blog\/#organization\",\"name\":\"Silenta\",\"url\":\"https:\/\/silenta.pl\/blog\/\",\"logo\":{\"@type\":\"ImageObject\",\"inLanguage\":\"pl-PL\",\"@id\":\"https:\/\/silenta.pl\/blog\/#\/schema\/logo\/image\/\",\"url\":\"\",\"contentUrl\":\"\",\"caption\":\"Silenta\"},\"image\":{\"@id\":\"https:\/\/silenta.pl\/blog\/#\/schema\/logo\/image\/\"},\"sameAs\":[\"https:\/\/www.facebook.com\/SilentaApp\",\"https:\/\/www.youtube.com\/channel\/UCEhxy9HkuNT-DKFZghU2w8Q\"]},{\"@type\":\"Person\",\"@id\":\"https:\/\/silenta.pl\/blog\/#\/schema\/person\/ab712febd888c2d8ec846b10e4c0ca6b\",\"name\":\"admin\",\"sameAs\":[\"https:\/\/silenta.pl\/blog\"],\"url\":\"https:\/\/silenta.pl\/blog\/author\/admin\/\"}]}<\/script>\n<!-- \/ Yoast SEO plugin. -->","yoast_head_json":{"title":"Krajowy System e-Faktur w bran\u017cy pogrzebowej: Gotowi na nowy etap? - Silenta - wszystko dla bran\u017cy pogrzebowej","robots":{"index":"index","follow":"follow","max-snippet":"max-snippet:-1","max-image-preview":"max-image-preview:large","max-video-preview":"max-video-preview:-1"},"canonical":"https:\/\/silenta.pl\/blog\/krajowy-system-e-faktur-w-branzy-pogrzebowej\/","og_locale":"pl_PL","og_type":"article","og_title":"Krajowy System e-Faktur w bran\u017cy pogrzebowej: Gotowi na nowy etap? - Silenta - wszystko dla bran\u017cy pogrzebowej","og_description":"Zapoznaj si\u0119 ze zmianami, kt\u00f3re nadchodz\u0105 dla przedsi\u0119biorc\u00f3w wraz z obowi\u0105zkowym od 2024 roku Krajowym Systemem e-Faktur.","og_url":"https:\/\/silenta.pl\/blog\/krajowy-system-e-faktur-w-branzy-pogrzebowej\/","og_site_name":"Silenta - wszystko dla bran\u017cy pogrzebowej","article_publisher":"https:\/\/www.facebook.com\/SilentaApp","article_published_time":"2023-09-22T14:55:44+00:00","article_modified_time":"2025-05-07T09:54:31+00:00","og_image":[{"width":750,"height":499,"url":"https:\/\/silenta.pl\/blog\/wp-content\/uploads\/2023\/09\/KSeF-2-1.webp","type":"image\/webp"}],"author":"admin","twitter_card":"summary_large_image","twitter_misc":{"Napisane przez":"admin","Szacowany czas czytania":"6 minut"},"schema":{"@context":"https:\/\/schema.org","@graph":[{"@type":"Article","@id":"https:\/\/silenta.pl\/blog\/krajowy-system-e-faktur-w-branzy-pogrzebowej\/#article","isPartOf":{"@id":"https:\/\/silenta.pl\/blog\/krajowy-system-e-faktur-w-branzy-pogrzebowej\/"},"author":{"name":"admin","@id":"https:\/\/silenta.pl\/blog\/#\/schema\/person\/ab712febd888c2d8ec846b10e4c0ca6b"},"headline":"Krajowy System e-Faktur w bran\u017cy pogrzebowej: Gotowi na nowy etap?","datePublished":"2023-09-22T14:55:44+00:00","dateModified":"2025-05-07T09:54:31+00:00","mainEntityOfPage":{"@id":"https:\/\/silenta.pl\/blog\/krajowy-system-e-faktur-w-branzy-pogrzebowej\/"},"wordCount":1168,"publisher":{"@id":"https:\/\/silenta.pl\/blog\/#organization"},"image":{"@id":"https:\/\/silenta.pl\/blog\/krajowy-system-e-faktur-w-branzy-pogrzebowej\/#primaryimage"},"thumbnailUrl":"https:\/\/silenta.pl\/blog\/wp-content\/uploads\/2023\/09\/KSeF-2-1.webp","articleSection":["wiedza"],"inLanguage":"pl-PL"},{"@type":"WebPage","@id":"https:\/\/silenta.pl\/blog\/krajowy-system-e-faktur-w-branzy-pogrzebowej\/","url":"https:\/\/silenta.pl\/blog\/krajowy-system-e-faktur-w-branzy-pogrzebowej\/","name":"Krajowy System e-Faktur w bran\u017cy pogrzebowej: Gotowi na nowy etap? - Silenta - wszystko dla bran\u017cy pogrzebowej","isPartOf":{"@id":"https:\/\/silenta.pl\/blog\/#website"},"primaryImageOfPage":{"@id":"https:\/\/silenta.pl\/blog\/krajowy-system-e-faktur-w-branzy-pogrzebowej\/#primaryimage"},"image":{"@id":"https:\/\/silenta.pl\/blog\/krajowy-system-e-faktur-w-branzy-pogrzebowej\/#primaryimage"},"thumbnailUrl":"https:\/\/silenta.pl\/blog\/wp-content\/uploads\/2023\/09\/KSeF-2-1.webp","datePublished":"2023-09-22T14:55:44+00:00","dateModified":"2025-05-07T09:54:31+00:00","breadcrumb":{"@id":"https:\/\/silenta.pl\/blog\/krajowy-system-e-faktur-w-branzy-pogrzebowej\/#breadcrumb"},"inLanguage":"pl-PL","potentialAction":[{"@type":"ReadAction","target":["https:\/\/silenta.pl\/blog\/krajowy-system-e-faktur-w-branzy-pogrzebowej\/"]}]},{"@type":"ImageObject","inLanguage":"pl-PL","@id":"https:\/\/silenta.pl\/blog\/krajowy-system-e-faktur-w-branzy-pogrzebowej\/#primaryimage","url":"https:\/\/silenta.pl\/blog\/wp-content\/uploads\/2023\/09\/KSeF-2-1.webp","contentUrl":"https:\/\/silenta.pl\/blog\/wp-content\/uploads\/2023\/09\/KSeF-2-1.webp","width":750,"height":499},{"@type":"BreadcrumbList","@id":"https:\/\/silenta.pl\/blog\/krajowy-system-e-faktur-w-branzy-pogrzebowej\/#breadcrumb","itemListElement":[{"@type":"ListItem","position":1,"name":"Strona g\u0142\u00f3wna","item":"https:\/\/silenta.pl\/blog\/"},{"@type":"ListItem","position":2,"name":"Krajowy System e-Faktur w bran\u017cy pogrzebowej: Gotowi na nowy etap?"}]},{"@type":"WebSite","@id":"https:\/\/silenta.pl\/blog\/#website","url":"https:\/\/silenta.pl\/blog\/","name":"Silenta","description":"Wspieramy ludzi z bran\u017cy funeralnej w prowadzeniu biznesu","publisher":{"@id":"https:\/\/silenta.pl\/blog\/#organization"},"potentialAction":[{"@type":"SearchAction","target":{"@type":"EntryPoint","urlTemplate":"https:\/\/silenta.pl\/blog\/?s={search_term_string}"},"query-input":{"@type":"PropertyValueSpecification","valueRequired":true,"valueName":"search_term_string"}}],"inLanguage":"pl-PL"},{"@type":"Organization","@id":"https:\/\/silenta.pl\/blog\/#organization","name":"Silenta","url":"https:\/\/silenta.pl\/blog\/","logo":{"@type":"ImageObject","inLanguage":"pl-PL","@id":"https:\/\/silenta.pl\/blog\/#\/schema\/logo\/image\/","url":"","contentUrl":"","caption":"Silenta"},"image":{"@id":"https:\/\/silenta.pl\/blog\/#\/schema\/logo\/image\/"},"sameAs":["https:\/\/www.facebook.com\/SilentaApp","https:\/\/www.youtube.com\/channel\/UCEhxy9HkuNT-DKFZghU2w8Q"]},{"@type":"Person","@id":"https:\/\/silenta.pl\/blog\/#\/schema\/person\/ab712febd888c2d8ec846b10e4c0ca6b","name":"admin","sameAs":["https:\/\/silenta.pl\/blog"],"url":"https:\/\/silenta.pl\/blog\/author\/admin\/"}]}},"_links":{"self":[{"href":"https:\/\/silenta.pl\/blog\/wp-json\/wp\/v2\/posts\/496","targetHints":{"allow":["GET"]}}],"collection":[{"href":"https:\/\/silenta.pl\/blog\/wp-json\/wp\/v2\/posts"}],"about":[{"href":"https:\/\/silenta.pl\/blog\/wp-json\/wp\/v2\/types\/post"}],"author":[{"embeddable":true,"href":"https:\/\/silenta.pl\/blog\/wp-json\/wp\/v2\/users\/1"}],"replies":[{"embeddable":true,"href":"https:\/\/silenta.pl\/blog\/wp-json\/wp\/v2\/comments?post=496"}],"version-history":[{"count":1,"href":"https:\/\/silenta.pl\/blog\/wp-json\/wp\/v2\/posts\/496\/revisions"}],"predecessor-version":[{"id":630,"href":"https:\/\/silenta.pl\/blog\/wp-json\/wp\/v2\/posts\/496\/revisions\/630"}],"wp:featuredmedia":[{"embeddable":true,"href":"https:\/\/silenta.pl\/blog\/wp-json\/wp\/v2\/media\/619"}],"wp:attachment":[{"href":"https:\/\/silenta.pl\/blog\/wp-json\/wp\/v2\/media?parent=496"}],"wp:term":[{"taxonomy":"category","embeddable":true,"href":"https:\/\/silenta.pl\/blog\/wp-json\/wp\/v2\/categories?post=496"},{"taxonomy":"post_tag","embeddable":true,"href":"https:\/\/silenta.pl\/blog\/wp-json\/wp\/v2\/tags?post=496"}],"curies":[{"name":"wp","href":"https:\/\/api.w.org\/{rel}","templated":true}]}}